{"id":947,"date":"2009-04-02T09:25:15","date_gmt":"2009-04-02T09:25:15","guid":{"rendered":"http:\/\/blocs.xtec.cat\/mouelcos\/?p=947"},"modified":"2015-01-31T20:58:03","modified_gmt":"2015-01-31T20:58:03","slug":"jornada-esportiva-a-can-jofresa-cicle-mitja","status":"publish","type":"post","link":"https:\/\/www.mouelcos.cat\/?p=947","title":{"rendered":"Jornada Esportiva a Can Jofresa. Cicle Mitj\u00e0"},"content":{"rendered":"<h1>Jornada Esportiva a Can Jofresa. Cicle Mitj\u00e0<\/h1>\n<p>&nbsp;<\/p>\n<p>Els nens i nenes de cicle mitj\u00e0 el passat dimarts 31 de mar\u00e7 vam gaudir de l&#8217;esport a Can Jofresa.<\/p>\n","protected":false},"excerpt":{"rendered":"<p>Jornada Esportiva a Can Jofresa. Cicle Mitj\u00e0 &nbsp; Els nens i nenes de cicle mitj\u00e0 el passat dimarts 31 de mar\u00e7 vam gaudir de l&#8217;esport a Can Jofresa.<\/p>\n","protected":false},"author":1,"featured_media":3176,"comment_status":"closed","ping_status":"open","sticky":false,"template":"","format":"image","meta":{"_uag_custom_page_level_css":"","iawp_total_views":1,"_jetpack_memberships_contains_paid_content":false,"footnotes":""},"categories":[4,10],"tags":[42],"class_list":["post-947","post","type-post","status-publish","format-image","has-post-thumbnail","hentry","category-2008-2009","category-cicle-mitja","tag-escagustibartra","post_format-post-format-image"],"yoast_head":"<!-- This site is optimized with the Yoast SEO plugin v27.5 - https:\/\/yoast.com\/product\/yoast-seo-wordpress\/ -->\n<title>Jornada Esportiva a Can Jofresa. Cicle Mitj\u00e0 - Mou el cos, desvetlla la ment<\/title>\n<meta name=\"description\" content=\"Jornada Esportiva a Can Jofresa. Cicle Mitj\u00e0. Activitats realitzades per l&#039;alumnat de cicle mitj\u00e0 de l&#039;escola Agust\u00ed Bartra a les pistes de Can Jofresa\" \/>\n<meta name=\"robots\" content=\"index, follow, max-snippet:-1, max-image-preview:large, max-video-preview:-1\" \/>\n<link rel=\"canonical\" href=\"https:\/\/www.mouelcos.cat\/?p=947\" \/>\n<meta property=\"og:locale\" content=\"ca_ES\" \/>\n<meta property=\"og:type\" content=\"article\" \/>\n<meta property=\"og:title\" content=\"Jornada Esportiva a Can Jofresa. Cicle Mitj\u00e0 - Mou el cos, desvetlla la ment\" \/>\n<meta property=\"og:description\" content=\"Jornada Esportiva a Can Jofresa. Cicle Mitj\u00e0. Activitats realitzades per l&#039;alumnat de cicle mitj\u00e0 de l&#039;escola Agust\u00ed Bartra a les pistes de Can Jofresa\" \/>\n<meta property=\"og:url\" content=\"https:\/\/www.mouelcos.cat\/?p=947\" \/>\n<meta property=\"og:site_name\" content=\"Mou el cos, desvetlla la ment\" \/>\n<meta property=\"article:published_time\" content=\"2009-04-02T09:25:15+00:00\" \/>\n<meta property=\"article:modified_time\" content=\"2015-01-31T20:58:03+00:00\" \/>\n<meta property=\"og:image\" content=\"https:\/\/www.mouelcos.cat\/wp-content\/uploads\/2009\/04\/sortidacanjofresa.png\" \/>\n\t<meta property=\"og:image:width\" content=\"749\" \/>\n\t<meta property=\"og:image:height\" content=\"411\" \/>\n\t<meta property=\"og:image:type\" content=\"image\/png\" \/>\n<meta name=\"author\" content=\"Enric\" \/>\n<meta name=\"twitter:card\" content=\"summary_large_image\" \/>\n<meta name=\"twitter:creator\" content=\"@mouelcos\" \/>\n<meta name=\"twitter:site\" content=\"@mouelcos\" \/>\n<meta name=\"twitter:label1\" content=\"Escrit per\" \/>\n\t<meta name=\"twitter:data1\" content=\"Enric\" \/>\n<script type=\"application\/ld+json\" class=\"yoast-schema-graph\">{\"@context\":\"https:\\\/\\\/schema.org\",\"@graph\":[{\"@type\":\"Article\",\"@id\":\"https:\\\/\\\/www.mouelcos.cat\\\/?p=947#article\",\"isPartOf\":{\"@id\":\"https:\\\/\\\/www.mouelcos.cat\\\/?p=947\"},\"author\":{\"name\":\"Enric\",\"@id\":\"https:\\\/\\\/www.mouelcos.cat\\\/#\\\/schema\\\/person\\\/d62d82fc179c352cf541071dbab03312\"},\"headline\":\"Jornada Esportiva a Can Jofresa. Cicle Mitj\u00e0\",\"datePublished\":\"2009-04-02T09:25:15+00:00\",\"dateModified\":\"2015-01-31T20:58:03+00:00\",\"mainEntityOfPage\":{\"@id\":\"https:\\\/\\\/www.mouelcos.cat\\\/?p=947\"},\"wordCount\":35,\"publisher\":{\"@id\":\"https:\\\/\\\/www.mouelcos.cat\\\/#\\\/schema\\\/person\\\/d62d82fc179c352cf541071dbab03312\"},\"image\":{\"@id\":\"https:\\\/\\\/www.mouelcos.cat\\\/?p=947#primaryimage\"},\"thumbnailUrl\":\"https:\\\/\\\/www.mouelcos.cat\\\/wp-content\\\/uploads\\\/2009\\\/04\\\/sortidacanjofresa.png\",\"keywords\":[\"#escagustibartra\"],\"articleSection\":[\"2008-2009\",\"Segon cicle\"],\"inLanguage\":\"ca\"},{\"@type\":\"WebPage\",\"@id\":\"https:\\\/\\\/www.mouelcos.cat\\\/?p=947\",\"url\":\"https:\\\/\\\/www.mouelcos.cat\\\/?p=947\",\"name\":\"Jornada Esportiva a Can Jofresa. Cicle Mitj\u00e0 - Mou el cos, desvetlla la ment\",\"isPartOf\":{\"@id\":\"https:\\\/\\\/www.mouelcos.cat\\\/#website\"},\"primaryImageOfPage\":{\"@id\":\"https:\\\/\\\/www.mouelcos.cat\\\/?p=947#primaryimage\"},\"image\":{\"@id\":\"https:\\\/\\\/www.mouelcos.cat\\\/?p=947#primaryimage\"},\"thumbnailUrl\":\"https:\\\/\\\/www.mouelcos.cat\\\/wp-content\\\/uploads\\\/2009\\\/04\\\/sortidacanjofresa.png\",\"datePublished\":\"2009-04-02T09:25:15+00:00\",\"dateModified\":\"2015-01-31T20:58:03+00:00\",\"description\":\"Jornada Esportiva a Can Jofresa. Cicle Mitj\u00e0. Activitats realitzades per l'alumnat de cicle mitj\u00e0 de l'escola Agust\u00ed Bartra a les pistes de Can Jofresa\",\"breadcrumb\":{\"@id\":\"https:\\\/\\\/www.mouelcos.cat\\\/?p=947#breadcrumb\"},\"inLanguage\":\"ca\",\"potentialAction\":[{\"@type\":\"ReadAction\",\"target\":[\"https:\\\/\\\/www.mouelcos.cat\\\/?p=947\"]}]},{\"@type\":\"ImageObject\",\"inLanguage\":\"ca\",\"@id\":\"https:\\\/\\\/www.mouelcos.cat\\\/?p=947#primaryimage\",\"url\":\"https:\\\/\\\/www.mouelcos.cat\\\/wp-content\\\/uploads\\\/2009\\\/04\\\/sortidacanjofresa.png\",\"contentUrl\":\"https:\\\/\\\/www.mouelcos.cat\\\/wp-content\\\/uploads\\\/2009\\\/04\\\/sortidacanjofresa.png\",\"width\":749,\"height\":411,\"caption\":\"Jornada Esportiva a Can Jofresa. Cicle Mitj\u00e0\"},{\"@type\":\"BreadcrumbList\",\"@id\":\"https:\\\/\\\/www.mouelcos.cat\\\/?p=947#breadcrumb\",\"itemListElement\":[{\"@type\":\"ListItem\",\"position\":1,\"name\":\"Inici\",\"item\":\"https:\\\/\\\/www.mouelcos.cat\\\/\"},{\"@type\":\"ListItem\",\"position\":2,\"name\":\"Jornada Esportiva a Can Jofresa. Cicle Mitj\u00e0\"}]},{\"@type\":\"WebSite\",\"@id\":\"https:\\\/\\\/www.mouelcos.cat\\\/#website\",\"url\":\"https:\\\/\\\/www.mouelcos.cat\\\/\",\"name\":\"Mou el cos, desvetlla la ment\",\"description\":\"Recursos \u00fatils per a classes d&#039;EF i per promoure l\u2019activitat f\u00edsica i un estil de vida saludable\",\"publisher\":{\"@id\":\"https:\\\/\\\/www.mouelcos.cat\\\/#\\\/schema\\\/person\\\/d62d82fc179c352cf541071dbab03312\"},\"potentialAction\":[{\"@type\":\"SearchAction\",\"target\":{\"@type\":\"EntryPoint\",\"urlTemplate\":\"https:\\\/\\\/www.mouelcos.cat\\\/?s={search_term_string}\"},\"query-input\":{\"@type\":\"PropertyValueSpecification\",\"valueRequired\":true,\"valueName\":\"search_term_string\"}}],\"inLanguage\":\"ca\"},{\"@type\":[\"Person\",\"Organization\"],\"@id\":\"https:\\\/\\\/www.mouelcos.cat\\\/#\\\/schema\\\/person\\\/d62d82fc179c352cf541071dbab03312\",\"name\":\"Enric\",\"image\":{\"@type\":\"ImageObject\",\"inLanguage\":\"ca\",\"@id\":\"https:\\\/\\\/www.mouelcos.cat\\\/wp-content\\\/uploads\\\/2024\\\/12\\\/WPAD_1b_512x512.jpg\",\"url\":\"https:\\\/\\\/www.mouelcos.cat\\\/wp-content\\\/uploads\\\/2024\\\/12\\\/WPAD_1b_512x512.jpg\",\"contentUrl\":\"https:\\\/\\\/www.mouelcos.cat\\\/wp-content\\\/uploads\\\/2024\\\/12\\\/WPAD_1b_512x512.jpg\",\"width\":512,\"height\":518,\"caption\":\"Enric\"},\"logo\":{\"@id\":\"https:\\\/\\\/www.mouelcos.cat\\\/wp-content\\\/uploads\\\/2024\\\/12\\\/WPAD_1b_512x512.jpg\"},\"description\":\"Mou el cos, desvetlla la ment recull recursos \u00fatils per promoure l'activitat f\u00edsica i un estil de vida saludable. Tamb\u00e9 s'hi publiquen activitats i experi\u00e8ncies de les escoles on he treballat i d'altres centres.\",\"sameAs\":[\"http:\\\/\\\/www.mouelcos.cat\",\"https:\\\/\\\/x.com\\\/mouelcos\"]}]}<\/script>\n<!-- \/ Yoast SEO plugin. -->","yoast_head_json":{"title":"Jornada Esportiva a Can Jofresa. Cicle Mitj\u00e0 - Mou el cos, desvetlla la ment","description":"Jornada Esportiva a Can Jofresa. Cicle Mitj\u00e0. Activitats realitzades per l'alumnat de cicle mitj\u00e0 de l'escola Agust\u00ed Bartra a les pistes de Can Jofresa","robots":{"index":"index","follow":"follow","max-snippet":"max-snippet:-1","max-image-preview":"max-image-preview:large","max-video-preview":"max-video-preview:-1"},"canonical":"https:\/\/www.mouelcos.cat\/?p=947","og_locale":"ca_ES","og_type":"article","og_title":"Jornada Esportiva a Can Jofresa. Cicle Mitj\u00e0 - Mou el cos, desvetlla la ment","og_description":"Jornada Esportiva a Can Jofresa. Cicle Mitj\u00e0. Activitats realitzades per l'alumnat de cicle mitj\u00e0 de l'escola Agust\u00ed Bartra a les pistes de Can Jofresa","og_url":"https:\/\/www.mouelcos.cat\/?p=947","og_site_name":"Mou el cos, desvetlla la ment","article_published_time":"2009-04-02T09:25:15+00:00","article_modified_time":"2015-01-31T20:58:03+00:00","og_image":[{"width":749,"height":411,"url":"https:\/\/www.mouelcos.cat\/wp-content\/uploads\/2009\/04\/sortidacanjofresa.png","type":"image\/png"}],"author":"Enric","twitter_card":"summary_large_image","twitter_creator":"@mouelcos","twitter_site":"@mouelcos","twitter_misc":{"Escrit per":"Enric"},"schema":{"@context":"https:\/\/schema.org","@graph":[{"@type":"Article","@id":"https:\/\/www.mouelcos.cat\/?p=947#article","isPartOf":{"@id":"https:\/\/www.mouelcos.cat\/?p=947"},"author":{"name":"Enric","@id":"https:\/\/www.mouelcos.cat\/#\/schema\/person\/d62d82fc179c352cf541071dbab03312"},"headline":"Jornada Esportiva a Can Jofresa. Cicle Mitj\u00e0","datePublished":"2009-04-02T09:25:15+00:00","dateModified":"2015-01-31T20:58:03+00:00","mainEntityOfPage":{"@id":"https:\/\/www.mouelcos.cat\/?p=947"},"wordCount":35,"publisher":{"@id":"https:\/\/www.mouelcos.cat\/#\/schema\/person\/d62d82fc179c352cf541071dbab03312"},"image":{"@id":"https:\/\/www.mouelcos.cat\/?p=947#primaryimage"},"thumbnailUrl":"https:\/\/www.mouelcos.cat\/wp-content\/uploads\/2009\/04\/sortidacanjofresa.png","keywords":["#escagustibartra"],"articleSection":["2008-2009","Segon cicle"],"inLanguage":"ca"},{"@type":"WebPage","@id":"https:\/\/www.mouelcos.cat\/?p=947","url":"https:\/\/www.mouelcos.cat\/?p=947","name":"Jornada Esportiva a Can Jofresa. Cicle Mitj\u00e0 - Mou el cos, desvetlla la ment","isPartOf":{"@id":"https:\/\/www.mouelcos.cat\/#website"},"primaryImageOfPage":{"@id":"https:\/\/www.mouelcos.cat\/?p=947#primaryimage"},"image":{"@id":"https:\/\/www.mouelcos.cat\/?p=947#primaryimage"},"thumbnailUrl":"https:\/\/www.mouelcos.cat\/wp-content\/uploads\/2009\/04\/sortidacanjofresa.png","datePublished":"2009-04-02T09:25:15+00:00","dateModified":"2015-01-31T20:58:03+00:00","description":"Jornada Esportiva a Can Jofresa. Cicle Mitj\u00e0. Activitats realitzades per l'alumnat de cicle mitj\u00e0 de l'escola Agust\u00ed Bartra a les pistes de Can Jofresa","breadcrumb":{"@id":"https:\/\/www.mouelcos.cat\/?p=947#breadcrumb"},"inLanguage":"ca","potentialAction":[{"@type":"ReadAction","target":["https:\/\/www.mouelcos.cat\/?p=947"]}]},{"@type":"ImageObject","inLanguage":"ca","@id":"https:\/\/www.mouelcos.cat\/?p=947#primaryimage","url":"https:\/\/www.mouelcos.cat\/wp-content\/uploads\/2009\/04\/sortidacanjofresa.png","contentUrl":"https:\/\/www.mouelcos.cat\/wp-content\/uploads\/2009\/04\/sortidacanjofresa.png","width":749,"height":411,"caption":"Jornada Esportiva a Can Jofresa. Cicle Mitj\u00e0"},{"@type":"BreadcrumbList","@id":"https:\/\/www.mouelcos.cat\/?p=947#breadcrumb","itemListElement":[{"@type":"ListItem","position":1,"name":"Inici","item":"https:\/\/www.mouelcos.cat\/"},{"@type":"ListItem","position":2,"name":"Jornada Esportiva a Can Jofresa. Cicle Mitj\u00e0"}]},{"@type":"WebSite","@id":"https:\/\/www.mouelcos.cat\/#website","url":"https:\/\/www.mouelcos.cat\/","name":"Mou el cos, desvetlla la ment","description":"Recursos \u00fatils per a classes d&#039;EF i per promoure l\u2019activitat f\u00edsica i un estil de vida saludable","publisher":{"@id":"https:\/\/www.mouelcos.cat\/#\/schema\/person\/d62d82fc179c352cf541071dbab03312"},"potentialAction":[{"@type":"SearchAction","target":{"@type":"EntryPoint","urlTemplate":"https:\/\/www.mouelcos.cat\/?s={search_term_string}"},"query-input":{"@type":"PropertyValueSpecification","valueRequired":true,"valueName":"search_term_string"}}],"inLanguage":"ca"},{"@type":["Person","Organization"],"@id":"https:\/\/www.mouelcos.cat\/#\/schema\/person\/d62d82fc179c352cf541071dbab03312","name":"Enric","image":{"@type":"ImageObject","inLanguage":"ca","@id":"https:\/\/www.mouelcos.cat\/wp-content\/uploads\/2024\/12\/WPAD_1b_512x512.jpg","url":"https:\/\/www.mouelcos.cat\/wp-content\/uploads\/2024\/12\/WPAD_1b_512x512.jpg","contentUrl":"https:\/\/www.mouelcos.cat\/wp-content\/uploads\/2024\/12\/WPAD_1b_512x512.jpg","width":512,"height":518,"caption":"Enric"},"logo":{"@id":"https:\/\/www.mouelcos.cat\/wp-content\/uploads\/2024\/12\/WPAD_1b_512x512.jpg"},"description":"Mou el cos, desvetlla la ment recull recursos \u00fatils per promoure l'activitat f\u00edsica i un estil de vida saludable. Tamb\u00e9 s'hi publiquen activitats i experi\u00e8ncies de les escoles on he treballat i d'altres centres.","sameAs":["http:\/\/www.mouelcos.cat","https:\/\/x.com\/mouelcos"]}]}},"jetpack_featured_media_url":"https:\/\/www.mouelcos.cat\/wp-content\/uploads\/2009\/04\/sortidacanjofresa.png","uagb_featured_image_src":{"full":["https:\/\/www.mouelcos.cat\/wp-content\/uploads\/2009\/04\/sortidacanjofresa.png",749,411,false],"thumbnail":["https:\/\/www.mouelcos.cat\/wp-content\/uploads\/2009\/04\/sortidacanjofresa-150x150.png",150,150,true],"medium":["https:\/\/www.mouelcos.cat\/wp-content\/uploads\/2009\/04\/sortidacanjofresa-300x165.png",300,165,true],"medium_large":["https:\/\/www.mouelcos.cat\/wp-content\/uploads\/2009\/04\/sortidacanjofresa.png",640,351,false],"large":["https:\/\/www.mouelcos.cat\/wp-content\/uploads\/2009\/04\/sortidacanjofresa.png",640,351,false],"1536x1536":["https:\/\/www.mouelcos.cat\/wp-content\/uploads\/2009\/04\/sortidacanjofresa.png",749,411,false],"2048x2048":["https:\/\/www.mouelcos.cat\/wp-content\/uploads\/2009\/04\/sortidacanjofresa.png",749,411,false],"ogma-block-medium":["https:\/\/www.mouelcos.cat\/wp-content\/uploads\/2009\/04\/sortidacanjofresa-660x411.png",660,411,true],"ogma-banner":["https:\/\/www.mouelcos.cat\/wp-content\/uploads\/2009\/04\/sortidacanjofresa.png",749,411,false]},"uagb_author_info":{"display_name":"Enric","author_link":"https:\/\/www.mouelcos.cat\/?author=1"},"uagb_comment_info":0,"uagb_excerpt":"Jornada Esportiva a Can Jofresa. Cicle Mitj\u00e0 &nbsp; Els nens i nenes de cicle mitj\u00e0 el passat dimarts 31 de mar\u00e7 vam gaudir de l&#8217;esport a Can Jofresa.","jetpack_sharing_enabled":true,"amp_enabled":true,"_links":{"self":[{"href":"https:\/\/www.mouelcos.cat\/index.php?rest_route=\/wp\/v2\/posts\/947","targetHints":{"allow":["GET"]}}],"collection":[{"href":"https:\/\/www.mouelcos.cat\/index.php?rest_route=\/wp\/v2\/posts"}],"about":[{"href":"https:\/\/www.mouelcos.cat\/index.php?rest_route=\/wp\/v2\/types\/post"}],"author":[{"embeddable":true,"href":"https:\/\/www.mouelcos.cat\/index.php?rest_route=\/wp\/v2\/users\/1"}],"replies":[{"embeddable":true,"href":"https:\/\/www.mouelcos.cat\/index.php?rest_route=%2Fwp%2Fv2%2Fcomments&post=947"}],"version-history":[{"count":0,"href":"https:\/\/www.mouelcos.cat\/index.php?rest_route=\/wp\/v2\/posts\/947\/revisions"}],"wp:featuredmedia":[{"embeddable":true,"href":"https:\/\/www.mouelcos.cat\/index.php?rest_route=\/wp\/v2\/media\/3176"}],"wp:attachment":[{"href":"https:\/\/www.mouelcos.cat\/index.php?rest_route=%2Fwp%2Fv2%2Fmedia&parent=947"}],"wp:term":[{"taxonomy":"category","embeddable":true,"href":"https:\/\/www.mouelcos.cat\/index.php?rest_route=%2Fwp%2Fv2%2Fcategories&post=947"},{"taxonomy":"post_tag","embeddable":true,"href":"https:\/\/www.mouelcos.cat\/index.php?rest_route=%2Fwp%2Fv2%2Ftags&post=947"}],"curies":[{"name":"wp","href":"https:\/\/api.w.org\/{rel}","templated":true}]}}