{"id":2462,"date":"2009-11-16T17:20:51","date_gmt":"2009-11-16T17:20:51","guid":{"rendered":"http:\/\/www.mouelcos.cat\/?p=2462"},"modified":"2016-07-10T08:46:50","modified_gmt":"2016-07-10T08:46:50","slug":"contes-motors","status":"publish","type":"post","link":"https:\/\/www.mouelcos.cat\/?p=2462","title":{"rendered":"Contes motors"},"content":{"rendered":"<h1>Contes motors<\/h1>\n<p>&nbsp;<\/p>\n<p>Els contes motors s\u00f3n un recurs pedag\u00f2gic amb el qual podem treballar els continguts de l&#8217;\u00e0rea d&#8217;Educaci\u00f3 F\u00edsica tant en Educaci\u00f3 Infantil com a Educaci\u00f3 Prim\u00e0ria. En ell, els alumnes s&#8217;endinsaran en un m\u00f3n en el que seran els protagonistes de la seva pr\u00f2pia aventura i experimentaran en primera persona com resoldre les dificultats i reptes que es plantegen.<\/p>\n<p>&nbsp;<\/p>\n<h2>Conte motor: el llogarret tenebr\u00f3s<\/h2>\n<p>&nbsp;<\/p>\n<div class=\"jetpack-video-wrapper\"><iframe title=\"CUENTO MOTOR - La AldeaTenebrosa (JUGANDO CON LOS CUENTOS)\" width=\"640\" height=\"480\" data-src=\"https:\/\/www.youtube.com\/embed\/j0D0fyoe8dE?feature=oembed\" frameborder=\"0\" allow=\"accelerometer; autoplay; clipboard-write; encrypted-media; gyroscope; picture-in-picture; web-share\" referrerpolicy=\"strict-origin-when-cross-origin\" allowfullscreen src=\"data:image\/svg+xml;base64,PHN2ZyB3aWR0aD0iMSIgaGVpZ2h0PSIxIiB4bWxucz0iaHR0cDovL3d3dy53My5vcmcvMjAwMC9zdmciPjwvc3ZnPg==\" class=\"lazyload\" data-load-mode=\"1\"><\/iframe><\/div>\n<p>&nbsp;<br \/>\n<iframe data-src=\"https:\/\/app.box.com\/embed\/preview\/au51x9disxkro9j93m4o?theme=dark\" width=\"500\" height=\"400\" frameborder=\"0\" allowfullscreen webkitallowfullscreen msallowfullscreen src=\"data:image\/svg+xml;base64,PHN2ZyB3aWR0aD0iMSIgaGVpZ2h0PSIxIiB4bWxucz0iaHR0cDovL3d3dy53My5vcmcvMjAwMC9zdmciPjwvc3ZnPg==\" class=\"lazyload\" data-load-mode=\"1\"><\/iframe><\/p>\n<p>&nbsp;<\/p>\n<h2>Conte motor: el n\u00favol gris, gras i gros<\/h2>\n<p>&nbsp;<\/p>\n<div class=\"jetpack-video-wrapper\"><iframe title=\"El n\u00favol gris, gras i gros\" width=\"640\" height=\"480\" data-src=\"https:\/\/www.youtube.com\/embed\/U_NTw-fPwi8?feature=oembed\" frameborder=\"0\" allow=\"accelerometer; autoplay; clipboard-write; encrypted-media; gyroscope; picture-in-picture; web-share\" referrerpolicy=\"strict-origin-when-cross-origin\" allowfullscreen src=\"data:image\/svg+xml;base64,PHN2ZyB3aWR0aD0iMSIgaGVpZ2h0PSIxIiB4bWxucz0iaHR0cDovL3d3dy53My5vcmcvMjAwMC9zdmciPjwvc3ZnPg==\" class=\"lazyload\" data-load-mode=\"1\"><\/iframe><\/div>\n<p>&nbsp;<\/p>\n<h2>Conte motor: el forat a l&#8217;aigua<\/h2>\n<p><iframe style=\"border: 1px solid #CCC; border-width: 1px 1px 0; margin-bottom: 5px;\" data-src=\"http:\/\/www.slideshare.net\/slideshow\/embed_code\/7587491\" width=\"427\" height=\"356\" frameborder=\"0\" marginwidth=\"0\" marginheight=\"0\" scrolling=\"no\" allowfullscreen=\"allowfullscreen\" src=\"data:image\/svg+xml;base64,PHN2ZyB3aWR0aD0iMSIgaGVpZ2h0PSIxIiB4bWxucz0iaHR0cDovL3d3dy53My5vcmcvMjAwMC9zdmciPjwvc3ZnPg==\" class=\"lazyload\" data-load-mode=\"1\"><\/iframe><\/p>\n<div style=\"margin-bottom: 5px;\"><strong> <a title=\"El forat aigua\" href=\"https:\/\/www.slideshare.net\/ceipagustibartra\/el-forat-aigua\" target=\"_blank\">El forat aigua<\/a> <\/strong> from <strong><a href=\"http:\/\/www.slideshare.net\/ceipagustibartra\" target=\"_blank\">Escola Agust\u00ed Bartra<\/a><\/strong><\/div>\n<div style=\"margin-bottom: 5px;\"><\/div>\n<h2>Conte motor: per molts anys<\/h2>\n<p><iframe style=\"border: 1px solid #CCC; border-width: 1px 1px 0; margin-bottom: 5px;\" data-src=\"http:\/\/www.slideshare.net\/slideshow\/embed_code\/8335768\" width=\"427\" height=\"356\" frameborder=\"0\" marginwidth=\"0\" marginheight=\"0\" scrolling=\"no\" allowfullscreen=\"allowfullscreen\" src=\"data:image\/svg+xml;base64,PHN2ZyB3aWR0aD0iMSIgaGVpZ2h0PSIxIiB4bWxucz0iaHR0cDovL3d3dy53My5vcmcvMjAwMC9zdmciPjwvc3ZnPg==\" class=\"lazyload\" data-load-mode=\"1\"><\/iframe><\/p>\n<div style=\"margin-bottom: 5px;\"><strong> <a title=\"Per molts anys\" href=\"https:\/\/www.slideshare.net\/ceipagustibartra\/per-molts-anys-8335768\" target=\"_blank\">Per molts anys<\/a> <\/strong> from <strong><a href=\"http:\/\/www.slideshare.net\/ceipagustibartra\" target=\"_blank\">Escola Agust\u00ed Bartra<\/a><\/strong><\/div>\n<div style=\"margin-bottom: 5px;\"><\/div>\n<h2>Una m\u00e0 de contes<\/h2>\n<p>&nbsp;<\/p>\n<p><a href=\"http:\/\/www.super3.cat\/unamadecontes\/\" target=\"_blank\">http:\/\/www.super3.cat\/unamadecontes\/<\/a><\/p>\n<p>&nbsp;<\/p>\n<p>&nbsp;<\/p>\n<h2>Exemples<\/h2>\n<p>&nbsp;<\/p>\n<div class=\"jetpack-video-wrapper\"><iframe title=\"cuento motor\" width=\"640\" height=\"480\" data-src=\"https:\/\/www.youtube.com\/embed\/kr2c2SHHNWE?feature=oembed\" frameborder=\"0\" allow=\"accelerometer; autoplay; clipboard-write; encrypted-media; gyroscope; picture-in-picture; web-share\" referrerpolicy=\"strict-origin-when-cross-origin\" allowfullscreen src=\"data:image\/svg+xml;base64,PHN2ZyB3aWR0aD0iMSIgaGVpZ2h0PSIxIiB4bWxucz0iaHR0cDovL3d3dy53My5vcmcvMjAwMC9zdmciPjwvc3ZnPg==\" class=\"lazyload\" data-load-mode=\"1\"><\/iframe><\/div>\n<p>&nbsp;<\/p>\n<h2>Contes Projecte Alegria<\/h2>\n<p>&nbsp;<\/p>\n<p><a href=\"http:\/\/www.cpr1.es\/publicaciones_cpr\/proyecto_alegria\/\" target=\"_blank\">http:\/\/www.cpr1.es\/publicaciones_cpr\/proyecto_alegria\/<\/a><\/p>\n","protected":false},"excerpt":{"rendered":"<p>Contes motors &nbsp; Els contes motors s\u00f3n un recurs pedag\u00f2gic amb el qual podem treballar els continguts de l&#8217;\u00e0rea d&#8217;Educaci\u00f3 F\u00edsica tant en Educaci\u00f3 Infantil com a Educaci\u00f3 Prim\u00e0ria. En ell, els alumnes s&#8217;endinsaran en un m\u00f3n en el que seran els protagonistes de la seva pr\u00f2pia aventura i experimentaran en primera persona com resoldre [&hellip;]<\/p>\n","protected":false},"author":1,"featured_media":2898,"comment_status":"open","ping_status":"open","sticky":false,"template":"","format":"image","meta":{"_uag_custom_page_level_css":"","iawp_total_views":178,"_jetpack_memberships_contains_paid_content":false,"footnotes":""},"categories":[12],"tags":[37],"class_list":["post-2462","post","type-post","status-publish","format-image","has-post-thumbnail","hentry","category-educacio-fisica","tag-edufis","post_format-post-format-image"],"yoast_head":"<!-- This site is optimized with the Yoast SEO plugin v27.4 - https:\/\/yoast.com\/product\/yoast-seo-wordpress\/ -->\n<title>Contes motors - Mou el cos, desvetlla la ment<\/title>\n<meta name=\"description\" content=\"Contes motors. Els contes motors s\u00f3n un recurs pedag\u00f2gic amb el qual podem treballar els continguts de l&#039;\u00e0rea d&#039;Educaci\u00f3 F\u00edsica a infantil i prim\u00e0ria\" \/>\n<meta name=\"robots\" content=\"index, follow, max-snippet:-1, max-image-preview:large, max-video-preview:-1\" \/>\n<link rel=\"canonical\" href=\"https:\/\/www.mouelcos.cat\/?p=2462\" \/>\n<meta property=\"og:locale\" content=\"ca_ES\" \/>\n<meta property=\"og:type\" content=\"article\" \/>\n<meta property=\"og:title\" content=\"Contes motors - Mou el cos, desvetlla la ment\" \/>\n<meta property=\"og:description\" content=\"Contes motors. Els contes motors s\u00f3n un recurs pedag\u00f2gic amb el qual podem treballar els continguts de l&#039;\u00e0rea d&#039;Educaci\u00f3 F\u00edsica a infantil i prim\u00e0ria\" \/>\n<meta property=\"og:url\" content=\"https:\/\/www.mouelcos.cat\/?p=2462\" \/>\n<meta property=\"og:site_name\" content=\"Mou el cos, desvetlla la ment\" \/>\n<meta property=\"article:published_time\" content=\"2009-11-16T17:20:51+00:00\" \/>\n<meta property=\"article:modified_time\" content=\"2016-07-10T08:46:50+00:00\" \/>\n<meta property=\"og:image\" content=\"https:\/\/www.mouelcos.cat\/wp-content\/uploads\/2013\/08\/cotnes-motrius.jpg\" \/>\n\t<meta property=\"og:image:width\" content=\"1600\" \/>\n\t<meta property=\"og:image:height\" content=\"1200\" \/>\n\t<meta property=\"og:image:type\" content=\"image\/jpeg\" \/>\n<meta name=\"author\" content=\"Enric\" \/>\n<meta name=\"twitter:card\" content=\"summary_large_image\" \/>\n<meta name=\"twitter:creator\" content=\"@mouelcos\" \/>\n<meta name=\"twitter:site\" content=\"@mouelcos\" \/>\n<meta name=\"twitter:label1\" content=\"Escrit per\" \/>\n\t<meta name=\"twitter:data1\" content=\"Enric\" \/>\n\t<meta name=\"twitter:label2\" content=\"Temps estimat de lectura\" \/>\n\t<meta name=\"twitter:data2\" content=\"1 minut\" \/>\n<script type=\"application\/ld+json\" class=\"yoast-schema-graph\">{\"@context\":\"https:\\\/\\\/schema.org\",\"@graph\":[{\"@type\":\"Article\",\"@id\":\"https:\\\/\\\/www.mouelcos.cat\\\/?p=2462#article\",\"isPartOf\":{\"@id\":\"https:\\\/\\\/www.mouelcos.cat\\\/?p=2462\"},\"author\":{\"name\":\"Enric\",\"@id\":\"https:\\\/\\\/www.mouelcos.cat\\\/#\\\/schema\\\/person\\\/d62d82fc179c352cf541071dbab03312\"},\"headline\":\"Contes motors\",\"datePublished\":\"2009-11-16T17:20:51+00:00\",\"dateModified\":\"2016-07-10T08:46:50+00:00\",\"mainEntityOfPage\":{\"@id\":\"https:\\\/\\\/www.mouelcos.cat\\\/?p=2462\"},\"wordCount\":174,\"commentCount\":0,\"publisher\":{\"@id\":\"https:\\\/\\\/www.mouelcos.cat\\\/#\\\/schema\\\/person\\\/d62d82fc179c352cf541071dbab03312\"},\"image\":{\"@id\":\"https:\\\/\\\/www.mouelcos.cat\\\/?p=2462#primaryimage\"},\"thumbnailUrl\":\"https:\\\/\\\/www.mouelcos.cat\\\/wp-content\\\/uploads\\\/2013\\\/08\\\/cotnes-motrius.jpg\",\"keywords\":[\"#edufis\"],\"articleSection\":[\"Educaci\u00f3 f\u00edsica\"],\"inLanguage\":\"ca\",\"potentialAction\":[{\"@type\":\"CommentAction\",\"name\":\"Comment\",\"target\":[\"https:\\\/\\\/www.mouelcos.cat\\\/?p=2462#respond\"]}]},{\"@type\":\"WebPage\",\"@id\":\"https:\\\/\\\/www.mouelcos.cat\\\/?p=2462\",\"url\":\"https:\\\/\\\/www.mouelcos.cat\\\/?p=2462\",\"name\":\"Contes motors - Mou el cos, desvetlla la ment\",\"isPartOf\":{\"@id\":\"https:\\\/\\\/www.mouelcos.cat\\\/#website\"},\"primaryImageOfPage\":{\"@id\":\"https:\\\/\\\/www.mouelcos.cat\\\/?p=2462#primaryimage\"},\"image\":{\"@id\":\"https:\\\/\\\/www.mouelcos.cat\\\/?p=2462#primaryimage\"},\"thumbnailUrl\":\"https:\\\/\\\/www.mouelcos.cat\\\/wp-content\\\/uploads\\\/2013\\\/08\\\/cotnes-motrius.jpg\",\"datePublished\":\"2009-11-16T17:20:51+00:00\",\"dateModified\":\"2016-07-10T08:46:50+00:00\",\"description\":\"Contes motors. Els contes motors s\u00f3n un recurs pedag\u00f2gic amb el qual podem treballar els continguts de l'\u00e0rea d'Educaci\u00f3 F\u00edsica a infantil i prim\u00e0ria\",\"breadcrumb\":{\"@id\":\"https:\\\/\\\/www.mouelcos.cat\\\/?p=2462#breadcrumb\"},\"inLanguage\":\"ca\",\"potentialAction\":[{\"@type\":\"ReadAction\",\"target\":[\"https:\\\/\\\/www.mouelcos.cat\\\/?p=2462\"]}]},{\"@type\":\"ImageObject\",\"inLanguage\":\"ca\",\"@id\":\"https:\\\/\\\/www.mouelcos.cat\\\/?p=2462#primaryimage\",\"url\":\"https:\\\/\\\/www.mouelcos.cat\\\/wp-content\\\/uploads\\\/2013\\\/08\\\/cotnes-motrius.jpg\",\"contentUrl\":\"https:\\\/\\\/www.mouelcos.cat\\\/wp-content\\\/uploads\\\/2013\\\/08\\\/cotnes-motrius.jpg\",\"width\":1600,\"height\":1200,\"caption\":\"Contes motors\"},{\"@type\":\"BreadcrumbList\",\"@id\":\"https:\\\/\\\/www.mouelcos.cat\\\/?p=2462#breadcrumb\",\"itemListElement\":[{\"@type\":\"ListItem\",\"position\":1,\"name\":\"Inici\",\"item\":\"https:\\\/\\\/www.mouelcos.cat\\\/\"},{\"@type\":\"ListItem\",\"position\":2,\"name\":\"Contes motors\"}]},{\"@type\":\"WebSite\",\"@id\":\"https:\\\/\\\/www.mouelcos.cat\\\/#website\",\"url\":\"https:\\\/\\\/www.mouelcos.cat\\\/\",\"name\":\"Mou el cos, desvetlla la ment\",\"description\":\"Recursos \u00fatils per a classes d&#039;EF i per promoure l\u2019activitat f\u00edsica i un estil de vida saludable\",\"publisher\":{\"@id\":\"https:\\\/\\\/www.mouelcos.cat\\\/#\\\/schema\\\/person\\\/d62d82fc179c352cf541071dbab03312\"},\"potentialAction\":[{\"@type\":\"SearchAction\",\"target\":{\"@type\":\"EntryPoint\",\"urlTemplate\":\"https:\\\/\\\/www.mouelcos.cat\\\/?s={search_term_string}\"},\"query-input\":{\"@type\":\"PropertyValueSpecification\",\"valueRequired\":true,\"valueName\":\"search_term_string\"}}],\"inLanguage\":\"ca\"},{\"@type\":[\"Person\",\"Organization\"],\"@id\":\"https:\\\/\\\/www.mouelcos.cat\\\/#\\\/schema\\\/person\\\/d62d82fc179c352cf541071dbab03312\",\"name\":\"Enric\",\"image\":{\"@type\":\"ImageObject\",\"inLanguage\":\"ca\",\"@id\":\"https:\\\/\\\/www.mouelcos.cat\\\/wp-content\\\/uploads\\\/2024\\\/12\\\/WPAD_1b_512x512.jpg\",\"url\":\"https:\\\/\\\/www.mouelcos.cat\\\/wp-content\\\/uploads\\\/2024\\\/12\\\/WPAD_1b_512x512.jpg\",\"contentUrl\":\"https:\\\/\\\/www.mouelcos.cat\\\/wp-content\\\/uploads\\\/2024\\\/12\\\/WPAD_1b_512x512.jpg\",\"width\":512,\"height\":518,\"caption\":\"Enric\"},\"logo\":{\"@id\":\"https:\\\/\\\/www.mouelcos.cat\\\/wp-content\\\/uploads\\\/2024\\\/12\\\/WPAD_1b_512x512.jpg\"},\"description\":\"Mou el cos, desvetlla la ment recull recursos \u00fatils per promoure l'activitat f\u00edsica i un estil de vida saludable. Tamb\u00e9 s'hi publiquen activitats i experi\u00e8ncies de les escoles on he treballat i d'altres centres.\",\"sameAs\":[\"http:\\\/\\\/www.mouelcos.cat\",\"https:\\\/\\\/x.com\\\/mouelcos\"]}]}<\/script>\n<!-- \/ Yoast SEO plugin. -->","yoast_head_json":{"title":"Contes motors - Mou el cos, desvetlla la ment","description":"Contes motors. Els contes motors s\u00f3n un recurs pedag\u00f2gic amb el qual podem treballar els continguts de l'\u00e0rea d'Educaci\u00f3 F\u00edsica a infantil i prim\u00e0ria","robots":{"index":"index","follow":"follow","max-snippet":"max-snippet:-1","max-image-preview":"max-image-preview:large","max-video-preview":"max-video-preview:-1"},"canonical":"https:\/\/www.mouelcos.cat\/?p=2462","og_locale":"ca_ES","og_type":"article","og_title":"Contes motors - Mou el cos, desvetlla la ment","og_description":"Contes motors. Els contes motors s\u00f3n un recurs pedag\u00f2gic amb el qual podem treballar els continguts de l'\u00e0rea d'Educaci\u00f3 F\u00edsica a infantil i prim\u00e0ria","og_url":"https:\/\/www.mouelcos.cat\/?p=2462","og_site_name":"Mou el cos, desvetlla la ment","article_published_time":"2009-11-16T17:20:51+00:00","article_modified_time":"2016-07-10T08:46:50+00:00","og_image":[{"width":1600,"height":1200,"url":"https:\/\/www.mouelcos.cat\/wp-content\/uploads\/2013\/08\/cotnes-motrius.jpg","type":"image\/jpeg"}],"author":"Enric","twitter_card":"summary_large_image","twitter_creator":"@mouelcos","twitter_site":"@mouelcos","twitter_misc":{"Escrit per":"Enric","Temps estimat de lectura":"1 minut"},"schema":{"@context":"https:\/\/schema.org","@graph":[{"@type":"Article","@id":"https:\/\/www.mouelcos.cat\/?p=2462#article","isPartOf":{"@id":"https:\/\/www.mouelcos.cat\/?p=2462"},"author":{"name":"Enric","@id":"https:\/\/www.mouelcos.cat\/#\/schema\/person\/d62d82fc179c352cf541071dbab03312"},"headline":"Contes motors","datePublished":"2009-11-16T17:20:51+00:00","dateModified":"2016-07-10T08:46:50+00:00","mainEntityOfPage":{"@id":"https:\/\/www.mouelcos.cat\/?p=2462"},"wordCount":174,"commentCount":0,"publisher":{"@id":"https:\/\/www.mouelcos.cat\/#\/schema\/person\/d62d82fc179c352cf541071dbab03312"},"image":{"@id":"https:\/\/www.mouelcos.cat\/?p=2462#primaryimage"},"thumbnailUrl":"https:\/\/www.mouelcos.cat\/wp-content\/uploads\/2013\/08\/cotnes-motrius.jpg","keywords":["#edufis"],"articleSection":["Educaci\u00f3 f\u00edsica"],"inLanguage":"ca","potentialAction":[{"@type":"CommentAction","name":"Comment","target":["https:\/\/www.mouelcos.cat\/?p=2462#respond"]}]},{"@type":"WebPage","@id":"https:\/\/www.mouelcos.cat\/?p=2462","url":"https:\/\/www.mouelcos.cat\/?p=2462","name":"Contes motors - Mou el cos, desvetlla la ment","isPartOf":{"@id":"https:\/\/www.mouelcos.cat\/#website"},"primaryImageOfPage":{"@id":"https:\/\/www.mouelcos.cat\/?p=2462#primaryimage"},"image":{"@id":"https:\/\/www.mouelcos.cat\/?p=2462#primaryimage"},"thumbnailUrl":"https:\/\/www.mouelcos.cat\/wp-content\/uploads\/2013\/08\/cotnes-motrius.jpg","datePublished":"2009-11-16T17:20:51+00:00","dateModified":"2016-07-10T08:46:50+00:00","description":"Contes motors. Els contes motors s\u00f3n un recurs pedag\u00f2gic amb el qual podem treballar els continguts de l'\u00e0rea d'Educaci\u00f3 F\u00edsica a infantil i prim\u00e0ria","breadcrumb":{"@id":"https:\/\/www.mouelcos.cat\/?p=2462#breadcrumb"},"inLanguage":"ca","potentialAction":[{"@type":"ReadAction","target":["https:\/\/www.mouelcos.cat\/?p=2462"]}]},{"@type":"ImageObject","inLanguage":"ca","@id":"https:\/\/www.mouelcos.cat\/?p=2462#primaryimage","url":"https:\/\/www.mouelcos.cat\/wp-content\/uploads\/2013\/08\/cotnes-motrius.jpg","contentUrl":"https:\/\/www.mouelcos.cat\/wp-content\/uploads\/2013\/08\/cotnes-motrius.jpg","width":1600,"height":1200,"caption":"Contes motors"},{"@type":"BreadcrumbList","@id":"https:\/\/www.mouelcos.cat\/?p=2462#breadcrumb","itemListElement":[{"@type":"ListItem","position":1,"name":"Inici","item":"https:\/\/www.mouelcos.cat\/"},{"@type":"ListItem","position":2,"name":"Contes motors"}]},{"@type":"WebSite","@id":"https:\/\/www.mouelcos.cat\/#website","url":"https:\/\/www.mouelcos.cat\/","name":"Mou el cos, desvetlla la ment","description":"Recursos \u00fatils per a classes d&#039;EF i per promoure l\u2019activitat f\u00edsica i un estil de vida saludable","publisher":{"@id":"https:\/\/www.mouelcos.cat\/#\/schema\/person\/d62d82fc179c352cf541071dbab03312"},"potentialAction":[{"@type":"SearchAction","target":{"@type":"EntryPoint","urlTemplate":"https:\/\/www.mouelcos.cat\/?s={search_term_string}"},"query-input":{"@type":"PropertyValueSpecification","valueRequired":true,"valueName":"search_term_string"}}],"inLanguage":"ca"},{"@type":["Person","Organization"],"@id":"https:\/\/www.mouelcos.cat\/#\/schema\/person\/d62d82fc179c352cf541071dbab03312","name":"Enric","image":{"@type":"ImageObject","inLanguage":"ca","@id":"https:\/\/www.mouelcos.cat\/wp-content\/uploads\/2024\/12\/WPAD_1b_512x512.jpg","url":"https:\/\/www.mouelcos.cat\/wp-content\/uploads\/2024\/12\/WPAD_1b_512x512.jpg","contentUrl":"https:\/\/www.mouelcos.cat\/wp-content\/uploads\/2024\/12\/WPAD_1b_512x512.jpg","width":512,"height":518,"caption":"Enric"},"logo":{"@id":"https:\/\/www.mouelcos.cat\/wp-content\/uploads\/2024\/12\/WPAD_1b_512x512.jpg"},"description":"Mou el cos, desvetlla la ment recull recursos \u00fatils per promoure l'activitat f\u00edsica i un estil de vida saludable. Tamb\u00e9 s'hi publiquen activitats i experi\u00e8ncies de les escoles on he treballat i d'altres centres.","sameAs":["http:\/\/www.mouelcos.cat","https:\/\/x.com\/mouelcos"]}]}},"jetpack_featured_media_url":"https:\/\/www.mouelcos.cat\/wp-content\/uploads\/2013\/08\/cotnes-motrius.jpg","uagb_featured_image_src":{"full":["https:\/\/www.mouelcos.cat\/wp-content\/uploads\/2013\/08\/cotnes-motrius.jpg",1600,1200,false],"thumbnail":["https:\/\/www.mouelcos.cat\/wp-content\/uploads\/2013\/08\/cotnes-motrius-150x150.jpg",150,150,true],"medium":["https:\/\/www.mouelcos.cat\/wp-content\/uploads\/2013\/08\/cotnes-motrius-300x225.jpg",300,225,true],"medium_large":["https:\/\/www.mouelcos.cat\/wp-content\/uploads\/2013\/08\/cotnes-motrius-768x576.jpg",640,480,true],"large":["https:\/\/www.mouelcos.cat\/wp-content\/uploads\/2013\/08\/cotnes-motrius-1024x768.jpg",640,480,true],"1536x1536":["https:\/\/www.mouelcos.cat\/wp-content\/uploads\/2013\/08\/cotnes-motrius-1536x1152.jpg",1536,1152,true],"2048x2048":["https:\/\/www.mouelcos.cat\/wp-content\/uploads\/2013\/08\/cotnes-motrius.jpg",1600,1200,false],"ogma-block-medium":["https:\/\/www.mouelcos.cat\/wp-content\/uploads\/2013\/08\/cotnes-motrius-660x470.jpg",660,470,true],"ogma-banner":["https:\/\/www.mouelcos.cat\/wp-content\/uploads\/2013\/08\/cotnes-motrius-860x630.jpg",860,630,true]},"uagb_author_info":{"display_name":"Enric","author_link":"https:\/\/www.mouelcos.cat\/?author=1"},"uagb_comment_info":1,"uagb_excerpt":"Contes motors &nbsp; Els contes motors s\u00f3n un recurs pedag\u00f2gic amb el qual podem treballar els continguts de l&#8217;\u00e0rea d&#8217;Educaci\u00f3 F\u00edsica tant en Educaci\u00f3 Infantil com a Educaci\u00f3 Prim\u00e0ria. En ell, els alumnes s&#8217;endinsaran en un m\u00f3n en el que seran els protagonistes de la seva pr\u00f2pia aventura i experimentaran en primera persona com resoldre&hellip;","jetpack_sharing_enabled":true,"amp_enabled":true,"_links":{"self":[{"href":"https:\/\/www.mouelcos.cat\/index.php?rest_route=\/wp\/v2\/posts\/2462","targetHints":{"allow":["GET"]}}],"collection":[{"href":"https:\/\/www.mouelcos.cat\/index.php?rest_route=\/wp\/v2\/posts"}],"about":[{"href":"https:\/\/www.mouelcos.cat\/index.php?rest_route=\/wp\/v2\/types\/post"}],"author":[{"embeddable":true,"href":"https:\/\/www.mouelcos.cat\/index.php?rest_route=\/wp\/v2\/users\/1"}],"replies":[{"embeddable":true,"href":"https:\/\/www.mouelcos.cat\/index.php?rest_route=%2Fwp%2Fv2%2Fcomments&post=2462"}],"version-history":[{"count":0,"href":"https:\/\/www.mouelcos.cat\/index.php?rest_route=\/wp\/v2\/posts\/2462\/revisions"}],"wp:featuredmedia":[{"embeddable":true,"href":"https:\/\/www.mouelcos.cat\/index.php?rest_route=\/wp\/v2\/media\/2898"}],"wp:attachment":[{"href":"https:\/\/www.mouelcos.cat\/index.php?rest_route=%2Fwp%2Fv2%2Fmedia&parent=2462"}],"wp:term":[{"taxonomy":"category","embeddable":true,"href":"https:\/\/www.mouelcos.cat\/index.php?rest_route=%2Fwp%2Fv2%2Fcategories&post=2462"},{"taxonomy":"post_tag","embeddable":true,"href":"https:\/\/www.mouelcos.cat\/index.php?rest_route=%2Fwp%2Fv2%2Ftags&post=2462"}],"curies":[{"name":"wp","href":"https:\/\/api.w.org\/{rel}","templated":true}]}}